{"id":134,"date":"2024-05-14T10:09:08","date_gmt":"2024-05-14T10:09:08","guid":{"rendered":"https:\/\/www.unheilige-schwaben.de\/wordpress_O\/?p=134"},"modified":"2024-05-14T10:11:40","modified_gmt":"2024-05-14T10:11:40","slug":"baden-baden-teil-1","status":"publish","type":"post","link":"https:\/\/www.unheilige-schwaben.de\/wordpress_O\/index.php\/2024\/05\/14\/baden-baden-teil-1\/","title":{"rendered":"Baden-Baden Teil 1"},"content":{"rendered":"\n<p class=\"has-text-align-center has-larger-font-size\"><strong>Teil 1<\/strong><\/p>\n\n\n\n<p>Los ging es nach der Arbeit Freitags, den 18.08.2023. Feierabend und ab auf den HBF Stuttgart. Mit Getr\u00e4nken ausgestattet ging es in den Zug Richtung Karlsruhe. Mit dem IRE 1 braucht man ja nicht mal stunde bis dahin. 30min Umsteigezeit reicht da ohne Probleme und Schwups ging es mit dem RE 2 weiter nach Raststatt. Man muss dazu sagen dieser ist immer brechend voll egal wann man f\u00e4hrt. Lieber nach dem RE 7 , dem RB 44 oder auch die S8 Ausschau halten.<\/p>\n\n\n\n<p>Raststatt hab ich mir mit Absicht ausgesucht da die Hotels in Baden-Baden doch teurer sind und ich ja eigentlich Sonntags noch nach Gaggenau wollte und Rastatt ist da einfach zentraler. Vom Bahnhof Rastatt ging es dann direkt ins Hotel. Fu\u00dfweg ca. 30min. Ein kleines aber feines wenn auch in die Jahre gekommenes Hotel. Ich find es genial , ich steh aber auf sowas altmodisches :-D. Das Hotel gibt es seit 40 Jahre und wird von Mutter und Sohn gef\u00fchrt. ich kann es nur w\u00e4rmstens empfehlen.       <a href=\"https:\/\/www.da-franco.com\/\">Hotel Da Franco<\/a> <\/p>\n\n\n\n<figure class=\"wp-block-image size-large\"><img loading=\"lazy\" decoding=\"async\" width=\"1024\" height=\"473\" src=\"https:\/\/www.unheilige-schwaben.de\/wordpress_O\/wp-content\/uploads\/2024\/05\/IMG_20230820_084147-1024x473.jpg\" alt=\"\" class=\"wp-image-137\" srcset=\"https:\/\/www.unheilige-schwaben.de\/wordpress_O\/wp-content\/uploads\/2024\/05\/IMG_20230820_084147-1024x473.jpg 1024w, https:\/\/www.unheilige-schwaben.de\/wordpress_O\/wp-content\/uploads\/2024\/05\/IMG_20230820_084147-300x138.jpg 300w, https:\/\/www.unheilige-schwaben.de\/wordpress_O\/wp-content\/uploads\/2024\/05\/IMG_20230820_084147-768x354.jpg 768w, https:\/\/www.unheilige-schwaben.de\/wordpress_O\/wp-content\/uploads\/2024\/05\/IMG_20230820_084147-1536x709.jpg 1536w, https:\/\/www.unheilige-schwaben.de\/wordpress_O\/wp-content\/uploads\/2024\/05\/IMG_20230820_084147-2048x945.jpg 2048w, https:\/\/www.unheilige-schwaben.de\/wordpress_O\/wp-content\/uploads\/2024\/05\/IMG_20230820_084147-1240x572.jpg 1240w, https:\/\/www.unheilige-schwaben.de\/wordpress_O\/wp-content\/uploads\/2024\/05\/IMG_20230820_084147-508x234.jpg 508w\" sizes=\"auto, (max-width: 1024px) 100vw, 1024px\" \/><\/figure>\n\n\n\n<p>Nach dem einchecken war es doch schon sp\u00e4t geworden und nun ging es auf die suche nach etwas essbaren. Da erfuhr ich auch das , das Restaurant im Hotel seit Corona geschlossen ist. Gr\u00fcnde daf\u00fcr sind am Anfang nach Corona die noch ausbleibenden G\u00e4ste und auch das erschwerte finden eines Stammpersonals. Die Mutter gab mir darauf einige Tipps wo man gut essen kann. Nach einem gediegenen Spaziergang hab ich mich dann f\u00fcr das <a href=\"https:\/\/www.avocado-rastatt.de\/de\/\">Avocado<\/a> entschieden, das ich auch weiterempfehlen kann. Urgem\u00fctlich mit einem gro\u00dfen Biergarten. Leider existieren davon keine Bilder das sie auf meiner anderen Kamera waren, aber dazu sp\u00e4ter mehr.<\/p>\n\n\n\n<h2 class=\"wp-block-heading\">Der n\u00e4chste Tag<\/h2>\n\n\n\n<p>Nach einer erholten Nacht und einem ausgedehnten Fr\u00fchst\u00fcck ging es dann wieder mit der RE 2 weiter nach Baden-Baden. Der Zug war nat\u00fcrlich auch wenn ich fr\u00fch dran war proppenvoll, mit Touristen die nach Konstanz wollen. Ich hatte ja nur eine Station und 10 min fahrt. Aus dem Bahnhof raus und erst mal grob orientieren wie ich lauf. BF Baden-Baden und Baden-Baden Mitte sind ca. 4 Km entfernt. Ich hab mich dann f\u00fcr eine Strecke an der Oos ( Fl\u00fcsschen) entlang entschieden. Nach ca. 3km hab ich dann in weiter Entfernung mein Ziel gesichtet.<\/p>\n\n\n<div class=\"wp-block-image is-style-rounded\">\n<figure class=\"aligncenter size-large is-resized\"><img loading=\"lazy\" decoding=\"async\" width=\"777\" height=\"1024\" src=\"https:\/\/www.unheilige-schwaben.de\/wordpress_O\/wp-content\/uploads\/2024\/05\/IMG_20230818_1326071-777x1024.jpg\" alt=\"\" class=\"wp-image-140\" style=\"width:438px;height:auto\" srcset=\"https:\/\/www.unheilige-schwaben.de\/wordpress_O\/wp-content\/uploads\/2024\/05\/IMG_20230818_1326071-777x1024.jpg 777w, https:\/\/www.unheilige-schwaben.de\/wordpress_O\/wp-content\/uploads\/2024\/05\/IMG_20230818_1326071-228x300.jpg 228w, https:\/\/www.unheilige-schwaben.de\/wordpress_O\/wp-content\/uploads\/2024\/05\/IMG_20230818_1326071-768x1012.jpg 768w, https:\/\/www.unheilige-schwaben.de\/wordpress_O\/wp-content\/uploads\/2024\/05\/IMG_20230818_1326071-1166x1536.jpg 1166w, https:\/\/www.unheilige-schwaben.de\/wordpress_O\/wp-content\/uploads\/2024\/05\/IMG_20230818_1326071-1240x1634.jpg 1240w, https:\/\/www.unheilige-schwaben.de\/wordpress_O\/wp-content\/uploads\/2024\/05\/IMG_20230818_1326071-508x669.jpg 508w, https:\/\/www.unheilige-schwaben.de\/wordpress_O\/wp-content\/uploads\/2024\/05\/IMG_20230818_1326071.jpg 1506w\" sizes=\"auto, (max-width: 777px) 100vw, 777px\" \/><\/figure>\n<\/div>\n\n\n<p>Ich bin dann noch eine weile der Europastra\u00dfe gefolgt und dann links abgebogen zur St.Bernhard Kirche. Dort bin ich dann noch \u00fcber den kleinen aber feinen Wochenmarkt geschlendert , bevor ich dann langsam aber sicher Richtung Waldrand gelaufen bin. Am Eingang zum Wald fand ich noch eine Bank beim Bernhardsbrunnen zum kurz ausruhen, bevor es dann los ging mit der Steigung. <\/p>\n\n\n\n<figure class=\"wp-block-image size-large\"><img loading=\"lazy\" decoding=\"async\" width=\"1024\" height=\"473\" src=\"https:\/\/www.unheilige-schwaben.de\/wordpress_O\/wp-content\/uploads\/2024\/05\/IMG_20230819_100121-1024x473.jpg\" alt=\"\" class=\"wp-image-142\" srcset=\"https:\/\/www.unheilige-schwaben.de\/wordpress_O\/wp-content\/uploads\/2024\/05\/IMG_20230819_100121-1024x473.jpg 1024w, https:\/\/www.unheilige-schwaben.de\/wordpress_O\/wp-content\/uploads\/2024\/05\/IMG_20230819_100121-300x138.jpg 300w, https:\/\/www.unheilige-schwaben.de\/wordpress_O\/wp-content\/uploads\/2024\/05\/IMG_20230819_100121-768x354.jpg 768w, https:\/\/www.unheilige-schwaben.de\/wordpress_O\/wp-content\/uploads\/2024\/05\/IMG_20230819_100121-1536x709.jpg 1536w, https:\/\/www.unheilige-schwaben.de\/wordpress_O\/wp-content\/uploads\/2024\/05\/IMG_20230819_100121-2048x945.jpg 2048w, https:\/\/www.unheilige-schwaben.de\/wordpress_O\/wp-content\/uploads\/2024\/05\/IMG_20230819_100121-1240x572.jpg 1240w, https:\/\/www.unheilige-schwaben.de\/wordpress_O\/wp-content\/uploads\/2024\/05\/IMG_20230819_100121-508x234.jpg 508w\" sizes=\"auto, (max-width: 1024px) 100vw, 1024px\" \/><\/figure>\n\n\n\n<p>Von der Bank weg ging es Moderat ca. 1 km bergauf, bevor es nach einer l\u00e4ngeren Rechtskurve dann immer Steiler wurde. Vorbei an einem privaten Pferdehof mit gro\u00dfer auslaufwiese kann man schon die ersten freien blicke auf Baden-Baden erhaschen. Von da an ging es stetig weiter den Zieglerweg bergauf bis zum Gr\u00fcnen Stein.  <\/p>\n\n\n\n<figure class=\"wp-block-image size-large\"><img loading=\"lazy\" decoding=\"async\" width=\"768\" height=\"1024\" src=\"https:\/\/www.unheilige-schwaben.de\/wordpress_O\/wp-content\/uploads\/2024\/05\/DSCN0223-768x1024.jpg\" alt=\"\" class=\"wp-image-144\" style=\"aspect-ratio:4\/3;object-fit:cover\" srcset=\"https:\/\/www.unheilige-schwaben.de\/wordpress_O\/wp-content\/uploads\/2024\/05\/DSCN0223-768x1024.jpg 768w, https:\/\/www.unheilige-schwaben.de\/wordpress_O\/wp-content\/uploads\/2024\/05\/DSCN0223-225x300.jpg 225w, https:\/\/www.unheilige-schwaben.de\/wordpress_O\/wp-content\/uploads\/2024\/05\/DSCN0223-1152x1536.jpg 1152w, https:\/\/www.unheilige-schwaben.de\/wordpress_O\/wp-content\/uploads\/2024\/05\/DSCN0223-1536x2048.jpg 1536w, https:\/\/www.unheilige-schwaben.de\/wordpress_O\/wp-content\/uploads\/2024\/05\/DSCN0223-1240x1653.jpg 1240w, https:\/\/www.unheilige-schwaben.de\/wordpress_O\/wp-content\/uploads\/2024\/05\/DSCN0223-508x677.jpg 508w, https:\/\/www.unheilige-schwaben.de\/wordpress_O\/wp-content\/uploads\/2024\/05\/DSCN0223-scaled.jpg 1920w\" sizes=\"auto, (max-width: 768px) 100vw, 768px\" \/><\/figure>\n\n\n\n<p>Vom Gr\u00fcnen Stein ging es dann querab von den normalen Waldwegen mitten durch die Pampa. Querfeldein der Nase nach und immer stetig den Berg hinauf, kam ich dann irgendwann mal auf dem Alten Schlossweg an dem ich ca. 100 Meter folgte bevor es dann rechts wieder in den Wald ging Richtung Bernharduskapelle. Von da ab ging es weiter Richtung altes Schloss, was nur noch ein Katzensprung den Berg hoch war. Vor dem Eingang befindet sich ein <a href=\"https:\/\/www.restaurant-altesschloss.de\/kiosk\">Kiosk mit Idyllischem Biergarten<\/a> wo ich erstmal Rast gemacht habe. <\/p>\n\n\n\n<figure class=\"wp-block-image size-large\"><img loading=\"lazy\" decoding=\"async\" width=\"1024\" height=\"473\" src=\"https:\/\/www.unheilige-schwaben.de\/wordpress_O\/wp-content\/uploads\/2024\/05\/IMG_20230819_111013-1024x473.jpg\" alt=\"\" class=\"wp-image-145\" srcset=\"https:\/\/www.unheilige-schwaben.de\/wordpress_O\/wp-content\/uploads\/2024\/05\/IMG_20230819_111013-1024x473.jpg 1024w, https:\/\/www.unheilige-schwaben.de\/wordpress_O\/wp-content\/uploads\/2024\/05\/IMG_20230819_111013-300x138.jpg 300w, https:\/\/www.unheilige-schwaben.de\/wordpress_O\/wp-content\/uploads\/2024\/05\/IMG_20230819_111013-768x354.jpg 768w, https:\/\/www.unheilige-schwaben.de\/wordpress_O\/wp-content\/uploads\/2024\/05\/IMG_20230819_111013-1536x709.jpg 1536w, https:\/\/www.unheilige-schwaben.de\/wordpress_O\/wp-content\/uploads\/2024\/05\/IMG_20230819_111013-2048x945.jpg 2048w, https:\/\/www.unheilige-schwaben.de\/wordpress_O\/wp-content\/uploads\/2024\/05\/IMG_20230819_111013-1240x572.jpg 1240w, https:\/\/www.unheilige-schwaben.de\/wordpress_O\/wp-content\/uploads\/2024\/05\/IMG_20230819_111013-508x234.jpg 508w\" sizes=\"auto, (max-width: 1024px) 100vw, 1024px\" \/><\/figure>\n\n\n\n<figure class=\"wp-block-image size-large\"><img loading=\"lazy\" decoding=\"async\" width=\"1024\" height=\"472\" src=\"https:\/\/www.unheilige-schwaben.de\/wordpress_O\/wp-content\/uploads\/2024\/05\/IMG_20230819_111002-1-1024x472.jpg\" alt=\"\" class=\"wp-image-147\" srcset=\"https:\/\/www.unheilige-schwaben.de\/wordpress_O\/wp-content\/uploads\/2024\/05\/IMG_20230819_111002-1-1024x472.jpg 1024w, https:\/\/www.unheilige-schwaben.de\/wordpress_O\/wp-content\/uploads\/2024\/05\/IMG_20230819_111002-1-300x138.jpg 300w, https:\/\/www.unheilige-schwaben.de\/wordpress_O\/wp-content\/uploads\/2024\/05\/IMG_20230819_111002-1-768x354.jpg 768w, https:\/\/www.unheilige-schwaben.de\/wordpress_O\/wp-content\/uploads\/2024\/05\/IMG_20230819_111002-1-1536x709.jpg 1536w, https:\/\/www.unheilige-schwaben.de\/wordpress_O\/wp-content\/uploads\/2024\/05\/IMG_20230819_111002-1-2048x945.jpg 2048w, https:\/\/www.unheilige-schwaben.de\/wordpress_O\/wp-content\/uploads\/2024\/05\/IMG_20230819_111002-1-1240x572.jpg 1240w, https:\/\/www.unheilige-schwaben.de\/wordpress_O\/wp-content\/uploads\/2024\/05\/IMG_20230819_111002-1-508x234.jpg 508w\" sizes=\"auto, (max-width: 1024px) 100vw, 1024px\" \/><\/figure>\n\n\n\n<p>Nach einer Ausgedehnten Pause ging es dann ins Schloss, oder auch Burg Hohenbaden genannt. Vom 11. bis zum 15. Jahrhundert war das Alte Schloss zu Hohenbaden der Sitz der Markgrafen von Baden. Wandeln Sie auf deren Spuren, entdecken Sie geheime Burgverliese, steigen Sie die vielen steilen Stufen auf Mauervorspr\u00fcnge und Aussichtsterrassen hinauf. Oben angekommen wartet eine herrliche Belohnung: ein einzigartiger faszinierender Rundblick auf die Stadt, den Schwarzwald und die Rheinebene!<\/p>\n\n\n\n<p>Nach der Exkursion und vielen Fotos und eindr\u00fccken machte ich noch ein l\u00e4ngeren Stopp in dem sch\u00f6nen Biergarten und hab was gegessen und getrunken. Da ich ja auf fremden Territorium war das ich nicht so gut kannte wollt ich nicht unbedingt in die Dunkelheit kommen und begann dann gegen 1800 Uhr meinen Abstieg Richtung Baden-Baden. <\/p>\n\n\n\n<p>Unten angekommen wieder an der St.Bernhard Kirche machte ich mich auf die suche nach einer Bushaltestelle Richtung Baden-Baden BF, da es mittlerweile doch schon dunkel war und ich ja noch nach Rastatt zur\u00fcck musste. Nach 10 Minuten hab ich auch eine geeignete Linie und Haltestelle gefunden und nach kurzer Zeit kam auch schon der Bus.<\/p>\n\n\n\n<p>Dann begann die Misere des Wochenendes. <\/p>\n\n\n\n<p>Im Bus nahm ich mein Rucksack von den schultern und setzte mich hin. Nach ein paar meter fahrt wollte ich mein Powerpack ausm Rucksack nehmen und musste feststellen das meine Gro\u00dfe Kamera die in der seitlichen Tasche war fehlte. Nochmal alles Durchsucht evtl hab ich sie ja auch ins gro\u00dfe Fach gesteckt. nichts . Sie war weg. Und zum zur\u00fcck fahren und die ganze strecke nochmal ab zu laufen war es zu sp\u00e4t.<\/p>\n\n\n\n<p>Ich hatte das Hotel nur f\u00fcr eine Nacht gebucht. Am n\u00e4chsten Tag sollte es ja nach Gaggenau ins Unimog Museum gehen und dann heim. Was tun? In Raststatt dann angekommen so schnell wie m\u00f6glich Richtung Hotel mit der Hoffnung, dass noch jemand an der Rezeption ist. Gl\u00fcck gehabt, die Mutter des Hauses war gerade auf dem Sprung nach oben in den Feierabend. Nach Erkl\u00e4rung meiner Lage konnte ich mein Zimmer um eine Nacht verl\u00e4ngern obwohl es eigentlich schon reserviert war. Sie buchte den gast dann einfach in ein anderes Zimmer um.<\/p>\n\n\n\n<p>Zum Abreagieren und runter kommen bin ich dann wieder ins <a href=\"https:\/\/www.avocado-rastatt.de\/\">Avocado<\/a> gelaufen und hab da erstmal was getrunken und zum Abschluss des Tages paar Cocktails verhaftet.<\/p>\n\n\n\n<figure class=\"wp-block-image size-large\"><img loading=\"lazy\" decoding=\"async\" width=\"473\" height=\"1024\" src=\"https:\/\/www.unheilige-schwaben.de\/wordpress_O\/wp-content\/uploads\/2024\/05\/IMG_20230819_215519-473x1024.jpg\" alt=\"\" class=\"wp-image-148\" srcset=\"https:\/\/www.unheilige-schwaben.de\/wordpress_O\/wp-content\/uploads\/2024\/05\/IMG_20230819_215519-473x1024.jpg 473w, https:\/\/www.unheilige-schwaben.de\/wordpress_O\/wp-content\/uploads\/2024\/05\/IMG_20230819_215519-138x300.jpg 138w, https:\/\/www.unheilige-schwaben.de\/wordpress_O\/wp-content\/uploads\/2024\/05\/IMG_20230819_215519-768x1664.jpg 768w, https:\/\/www.unheilige-schwaben.de\/wordpress_O\/wp-content\/uploads\/2024\/05\/IMG_20230819_215519-709x1536.jpg 709w, https:\/\/www.unheilige-schwaben.de\/wordpress_O\/wp-content\/uploads\/2024\/05\/IMG_20230819_215519-945x2048.jpg 945w, https:\/\/www.unheilige-schwaben.de\/wordpress_O\/wp-content\/uploads\/2024\/05\/IMG_20230819_215519-1240x2687.jpg 1240w, https:\/\/www.unheilige-schwaben.de\/wordpress_O\/wp-content\/uploads\/2024\/05\/IMG_20230819_215519-508x1101.jpg 508w, https:\/\/www.unheilige-schwaben.de\/wordpress_O\/wp-content\/uploads\/2024\/05\/IMG_20230819_215519-scaled.jpg 1181w\" sizes=\"auto, (max-width: 473px) 100vw, 473px\" \/><\/figure>\n\n\n\n<h2 class=\"wp-block-heading\">Tag 2 und 3<\/h2>\n\n\n\n<p>Am n\u00e4chsten Morgen bin ich dann nach dem Fr\u00fchst\u00fcck wieder nach Baden-Baden gefahren und bin die gesamte Strecke nochmals abgelaufen in der Hoffnung , das ich die Kamera irgendwo im Gestr\u00fcpp oder sonst wo finde. Leider ohne Erfolg. Auf dem Runterweg nochmals alles abgesucht, aber auch das blieb erfolglos. daraufhin bin ich dann Richtung Baden-Baden Altstadt um zumindest dort noch paar aufnahmen mit dem Handy zu machen.<\/p>\n\n\n\n<p>Gesagt getan. nach 5 Stunden bin ich dann wieder Richtung Bahnhof gefahren und weiter Richtung Raststatt. In Hotel angekommen hab ich mich dem Gep\u00e4ck entledigt und bin ins Avocado. Naja ich hatte schon ein ganz sch\u00f6nen Hals, da ja Gaggenau auch Hinf\u00e4llig ist ohne Kamera.<\/p>\n\n\n\n<p>Am n\u00e4chsten morgen bin ich dann nach dem Fr\u00fchst\u00fcck nach Raststatt rein und hab da noch paar Bilder mit dem Handy gemacht, bis ich dann gegen Nachmittag die Heimreise angetreten habe.<\/p>\n\n\n\n<p>Nun ging es dann mit der Planung los f\u00fcr das n\u00e4chste mal. Eins steht fest Baden-Baden muss nochmal gemacht werden. Bis dahin muss erstmal eine neue Kamera her. <\/p>\n\n\n\n<p class=\"has-text-align-center\"><a href=\"https:\/\/www.unheilige-schwaben.de\/gal\/baden2023\/album\/index.html\"><strong>Hier geht es direkt zur Galerie<\/strong><\/a><\/p>\n\n\n\n<p class=\"has-text-align-center\"><strong><a href=\"https:\/\/www.unheilige-schwaben.de\/wordpress_O\/index.php\/galerien\/\">Hier geht es zur Galerieauswahl<\/a><\/strong><\/p>\n","protected":false},"excerpt":{"rendered":"<p>Teil 1 Los ging es nach der Arbeit Freitags, den 18.08.2023. Feierabend und ab auf den HBF Stuttgart. Mit Getr\u00e4nken ausgestattet ging es in den Zug Richtung Karlsruhe. Mit dem IRE 1 braucht man ja nicht mal stunde bis dahin. 30min Umsteigezeit reicht da ohne Probleme und Schwups ging es mit dem RE 2 weiter [&hellip;]<\/p>\n","protected":false},"author":1,"featured_media":154,"comment_status":"open","ping_status":"open","sticky":false,"template":"","format":"standard","meta":{"_bbp_topic_count":0,"_bbp_reply_count":0,"_bbp_total_topic_count":0,"_bbp_total_reply_count":0,"_bbp_voice_count":0,"_bbp_anonymous_reply_count":0,"_bbp_topic_count_hidden":0,"_bbp_reply_count_hidden":0,"_bbp_forum_subforum_count":0,"footnotes":""},"categories":[1],"tags":[],"class_list":["post-134","post","type-post","status-publish","format-standard","has-post-thumbnail","hentry","category-uncategorized"],"yoast_head":"<!-- This site is optimized with the Yoast SEO plugin v27.5 - https:\/\/yoast.com\/product\/yoast-seo-wordpress\/ -->\n<title>Baden-Baden Teil 1 - Wandern und kochen mit Oli<\/title>\n<meta name=\"robots\" content=\"index, follow, max-snippet:-1, max-image-preview:large, max-video-preview:-1\" \/>\n<link rel=\"canonical\" href=\"https:\/\/www.unheilige-schwaben.de\/wordpress_O\/index.php\/2024\/05\/14\/baden-baden-teil-1\/\" \/>\n<meta property=\"og:locale\" content=\"de_DE\" \/>\n<meta property=\"og:type\" content=\"article\" \/>\n<meta property=\"og:title\" content=\"Baden-Baden Teil 1 - Wandern und kochen mit Oli\" \/>\n<meta property=\"og:description\" content=\"Teil 1 Los ging es nach der Arbeit Freitags, den 18.08.2023. Feierabend und ab auf den HBF Stuttgart. Mit Getr\u00e4nken ausgestattet ging es in den Zug Richtung Karlsruhe. Mit dem IRE 1 braucht man ja nicht mal stunde bis dahin. 30min Umsteigezeit reicht da ohne Probleme und Schwups ging es mit dem RE 2 weiter [&hellip;]\" \/>\n<meta property=\"og:url\" content=\"https:\/\/www.unheilige-schwaben.de\/wordpress_O\/index.php\/2024\/05\/14\/baden-baden-teil-1\/\" \/>\n<meta property=\"og:site_name\" content=\"Wandern und kochen mit Oli\" \/>\n<meta property=\"article:published_time\" content=\"2024-05-14T10:09:08+00:00\" \/>\n<meta property=\"article:modified_time\" content=\"2024-05-14T10:11:40+00:00\" \/>\n<meta property=\"og:image\" content=\"https:\/\/www.unheilige-schwaben.de\/wordpress_O\/wp-content\/uploads\/2024\/05\/IMG_20230818_121626-scaled.jpg\" \/>\n\t<meta property=\"og:image:width\" content=\"2560\" \/>\n\t<meta property=\"og:image:height\" content=\"1181\" \/>\n\t<meta property=\"og:image:type\" content=\"image\/jpeg\" \/>\n<meta name=\"author\" content=\"admin\" \/>\n<meta name=\"twitter:card\" content=\"summary_large_image\" \/>\n<meta name=\"twitter:label1\" content=\"Verfasst von\" \/>\n\t<meta name=\"twitter:data1\" content=\"admin\" \/>\n\t<meta name=\"twitter:label2\" content=\"Gesch\u00e4tzte Lesezeit\" \/>\n\t<meta name=\"twitter:data2\" content=\"8\u00a0Minuten\" \/>\n<script type=\"application\/ld+json\" class=\"yoast-schema-graph\">{\"@context\":\"https:\\\/\\\/schema.org\",\"@graph\":[{\"@type\":\"Article\",\"@id\":\"https:\\\/\\\/www.unheilige-schwaben.de\\\/wordpress_O\\\/index.php\\\/2024\\\/05\\\/14\\\/baden-baden-teil-1\\\/#article\",\"isPartOf\":{\"@id\":\"https:\\\/\\\/www.unheilige-schwaben.de\\\/wordpress_O\\\/index.php\\\/2024\\\/05\\\/14\\\/baden-baden-teil-1\\\/\"},\"author\":{\"name\":\"admin\",\"@id\":\"https:\\\/\\\/www.unheilige-schwaben.de\\\/wordpress_O\\\/#\\\/schema\\\/person\\\/aa7beee15049ab8fc0f43d28887ec1c2\"},\"headline\":\"Baden-Baden Teil 1\",\"datePublished\":\"2024-05-14T10:09:08+00:00\",\"dateModified\":\"2024-05-14T10:11:40+00:00\",\"mainEntityOfPage\":{\"@id\":\"https:\\\/\\\/www.unheilige-schwaben.de\\\/wordpress_O\\\/index.php\\\/2024\\\/05\\\/14\\\/baden-baden-teil-1\\\/\"},\"wordCount\":1163,\"commentCount\":0,\"image\":{\"@id\":\"https:\\\/\\\/www.unheilige-schwaben.de\\\/wordpress_O\\\/index.php\\\/2024\\\/05\\\/14\\\/baden-baden-teil-1\\\/#primaryimage\"},\"thumbnailUrl\":\"https:\\\/\\\/www.unheilige-schwaben.de\\\/wordpress_O\\\/wp-content\\\/uploads\\\/2024\\\/05\\\/IMG_20230818_121626-scaled.jpg\",\"articleSection\":[\"Uncategorized\"],\"inLanguage\":\"de\",\"potentialAction\":[{\"@type\":\"CommentAction\",\"name\":\"Comment\",\"target\":[\"https:\\\/\\\/www.unheilige-schwaben.de\\\/wordpress_O\\\/index.php\\\/2024\\\/05\\\/14\\\/baden-baden-teil-1\\\/#respond\"]}]},{\"@type\":\"WebPage\",\"@id\":\"https:\\\/\\\/www.unheilige-schwaben.de\\\/wordpress_O\\\/index.php\\\/2024\\\/05\\\/14\\\/baden-baden-teil-1\\\/\",\"url\":\"https:\\\/\\\/www.unheilige-schwaben.de\\\/wordpress_O\\\/index.php\\\/2024\\\/05\\\/14\\\/baden-baden-teil-1\\\/\",\"name\":\"Baden-Baden Teil 1 - Wandern und kochen mit Oli\",\"isPartOf\":{\"@id\":\"https:\\\/\\\/www.unheilige-schwaben.de\\\/wordpress_O\\\/#website\"},\"primaryImageOfPage\":{\"@id\":\"https:\\\/\\\/www.unheilige-schwaben.de\\\/wordpress_O\\\/index.php\\\/2024\\\/05\\\/14\\\/baden-baden-teil-1\\\/#primaryimage\"},\"image\":{\"@id\":\"https:\\\/\\\/www.unheilige-schwaben.de\\\/wordpress_O\\\/index.php\\\/2024\\\/05\\\/14\\\/baden-baden-teil-1\\\/#primaryimage\"},\"thumbnailUrl\":\"https:\\\/\\\/www.unheilige-schwaben.de\\\/wordpress_O\\\/wp-content\\\/uploads\\\/2024\\\/05\\\/IMG_20230818_121626-scaled.jpg\",\"datePublished\":\"2024-05-14T10:09:08+00:00\",\"dateModified\":\"2024-05-14T10:11:40+00:00\",\"author\":{\"@id\":\"https:\\\/\\\/www.unheilige-schwaben.de\\\/wordpress_O\\\/#\\\/schema\\\/person\\\/aa7beee15049ab8fc0f43d28887ec1c2\"},\"breadcrumb\":{\"@id\":\"https:\\\/\\\/www.unheilige-schwaben.de\\\/wordpress_O\\\/index.php\\\/2024\\\/05\\\/14\\\/baden-baden-teil-1\\\/#breadcrumb\"},\"inLanguage\":\"de\",\"potentialAction\":[{\"@type\":\"ReadAction\",\"target\":[\"https:\\\/\\\/www.unheilige-schwaben.de\\\/wordpress_O\\\/index.php\\\/2024\\\/05\\\/14\\\/baden-baden-teil-1\\\/\"]}]},{\"@type\":\"ImageObject\",\"inLanguage\":\"de\",\"@id\":\"https:\\\/\\\/www.unheilige-schwaben.de\\\/wordpress_O\\\/index.php\\\/2024\\\/05\\\/14\\\/baden-baden-teil-1\\\/#primaryimage\",\"url\":\"https:\\\/\\\/www.unheilige-schwaben.de\\\/wordpress_O\\\/wp-content\\\/uploads\\\/2024\\\/05\\\/IMG_20230818_121626-scaled.jpg\",\"contentUrl\":\"https:\\\/\\\/www.unheilige-schwaben.de\\\/wordpress_O\\\/wp-content\\\/uploads\\\/2024\\\/05\\\/IMG_20230818_121626-scaled.jpg\",\"width\":2560,\"height\":1181},{\"@type\":\"BreadcrumbList\",\"@id\":\"https:\\\/\\\/www.unheilige-schwaben.de\\\/wordpress_O\\\/index.php\\\/2024\\\/05\\\/14\\\/baden-baden-teil-1\\\/#breadcrumb\",\"itemListElement\":[{\"@type\":\"ListItem\",\"position\":1,\"name\":\"Startseite\",\"item\":\"https:\\\/\\\/www.unheilige-schwaben.de\\\/wordpress_O\\\/\"},{\"@type\":\"ListItem\",\"position\":2,\"name\":\"Baden-Baden Teil 1\"}]},{\"@type\":\"WebSite\",\"@id\":\"https:\\\/\\\/www.unheilige-schwaben.de\\\/wordpress_O\\\/#website\",\"url\":\"https:\\\/\\\/www.unheilige-schwaben.de\\\/wordpress_O\\\/\",\"name\":\"Wandern und kochen mit Oli\",\"description\":\"\",\"potentialAction\":[{\"@type\":\"SearchAction\",\"target\":{\"@type\":\"EntryPoint\",\"urlTemplate\":\"https:\\\/\\\/www.unheilige-schwaben.de\\\/wordpress_O\\\/?s={search_term_string}\"},\"query-input\":{\"@type\":\"PropertyValueSpecification\",\"valueRequired\":true,\"valueName\":\"search_term_string\"}}],\"inLanguage\":\"de\"},{\"@type\":\"Person\",\"@id\":\"https:\\\/\\\/www.unheilige-schwaben.de\\\/wordpress_O\\\/#\\\/schema\\\/person\\\/aa7beee15049ab8fc0f43d28887ec1c2\",\"name\":\"admin\",\"image\":{\"@type\":\"ImageObject\",\"inLanguage\":\"de\",\"@id\":\"https:\\\/\\\/secure.gravatar.com\\\/avatar\\\/524e3f7120d4b3cf0ea9fe9dafc142682846c47f0c05c4655270177a517aabe2?s=96&d=mm&r=g\",\"url\":\"https:\\\/\\\/secure.gravatar.com\\\/avatar\\\/524e3f7120d4b3cf0ea9fe9dafc142682846c47f0c05c4655270177a517aabe2?s=96&d=mm&r=g\",\"contentUrl\":\"https:\\\/\\\/secure.gravatar.com\\\/avatar\\\/524e3f7120d4b3cf0ea9fe9dafc142682846c47f0c05c4655270177a517aabe2?s=96&d=mm&r=g\",\"caption\":\"admin\"},\"sameAs\":[\"https:\\\/\\\/www.unheilige-schwaben.de\\\/wordpress_O\"],\"url\":\"https:\\\/\\\/www.unheilige-schwaben.de\\\/wordpress_O\\\/index.php\\\/author\\\/briamstuttgart_f7oi4h9n\\\/\"}]}<\/script>\n<!-- \/ Yoast SEO plugin. -->","yoast_head_json":{"title":"Baden-Baden Teil 1 - Wandern und kochen mit Oli","robots":{"index":"index","follow":"follow","max-snippet":"max-snippet:-1","max-image-preview":"max-image-preview:large","max-video-preview":"max-video-preview:-1"},"canonical":"https:\/\/www.unheilige-schwaben.de\/wordpress_O\/index.php\/2024\/05\/14\/baden-baden-teil-1\/","og_locale":"de_DE","og_type":"article","og_title":"Baden-Baden Teil 1 - Wandern und kochen mit Oli","og_description":"Teil 1 Los ging es nach der Arbeit Freitags, den 18.08.2023. Feierabend und ab auf den HBF Stuttgart. Mit Getr\u00e4nken ausgestattet ging es in den Zug Richtung Karlsruhe. Mit dem IRE 1 braucht man ja nicht mal stunde bis dahin. 30min Umsteigezeit reicht da ohne Probleme und Schwups ging es mit dem RE 2 weiter [&hellip;]","og_url":"https:\/\/www.unheilige-schwaben.de\/wordpress_O\/index.php\/2024\/05\/14\/baden-baden-teil-1\/","og_site_name":"Wandern und kochen mit Oli","article_published_time":"2024-05-14T10:09:08+00:00","article_modified_time":"2024-05-14T10:11:40+00:00","og_image":[{"width":2560,"height":1181,"url":"https:\/\/www.unheilige-schwaben.de\/wordpress_O\/wp-content\/uploads\/2024\/05\/IMG_20230818_121626-scaled.jpg","type":"image\/jpeg"}],"author":"admin","twitter_card":"summary_large_image","twitter_misc":{"Verfasst von":"admin","Gesch\u00e4tzte Lesezeit":"8\u00a0Minuten"},"schema":{"@context":"https:\/\/schema.org","@graph":[{"@type":"Article","@id":"https:\/\/www.unheilige-schwaben.de\/wordpress_O\/index.php\/2024\/05\/14\/baden-baden-teil-1\/#article","isPartOf":{"@id":"https:\/\/www.unheilige-schwaben.de\/wordpress_O\/index.php\/2024\/05\/14\/baden-baden-teil-1\/"},"author":{"name":"admin","@id":"https:\/\/www.unheilige-schwaben.de\/wordpress_O\/#\/schema\/person\/aa7beee15049ab8fc0f43d28887ec1c2"},"headline":"Baden-Baden Teil 1","datePublished":"2024-05-14T10:09:08+00:00","dateModified":"2024-05-14T10:11:40+00:00","mainEntityOfPage":{"@id":"https:\/\/www.unheilige-schwaben.de\/wordpress_O\/index.php\/2024\/05\/14\/baden-baden-teil-1\/"},"wordCount":1163,"commentCount":0,"image":{"@id":"https:\/\/www.unheilige-schwaben.de\/wordpress_O\/index.php\/2024\/05\/14\/baden-baden-teil-1\/#primaryimage"},"thumbnailUrl":"https:\/\/www.unheilige-schwaben.de\/wordpress_O\/wp-content\/uploads\/2024\/05\/IMG_20230818_121626-scaled.jpg","articleSection":["Uncategorized"],"inLanguage":"de","potentialAction":[{"@type":"CommentAction","name":"Comment","target":["https:\/\/www.unheilige-schwaben.de\/wordpress_O\/index.php\/2024\/05\/14\/baden-baden-teil-1\/#respond"]}]},{"@type":"WebPage","@id":"https:\/\/www.unheilige-schwaben.de\/wordpress_O\/index.php\/2024\/05\/14\/baden-baden-teil-1\/","url":"https:\/\/www.unheilige-schwaben.de\/wordpress_O\/index.php\/2024\/05\/14\/baden-baden-teil-1\/","name":"Baden-Baden Teil 1 - Wandern und kochen mit Oli","isPartOf":{"@id":"https:\/\/www.unheilige-schwaben.de\/wordpress_O\/#website"},"primaryImageOfPage":{"@id":"https:\/\/www.unheilige-schwaben.de\/wordpress_O\/index.php\/2024\/05\/14\/baden-baden-teil-1\/#primaryimage"},"image":{"@id":"https:\/\/www.unheilige-schwaben.de\/wordpress_O\/index.php\/2024\/05\/14\/baden-baden-teil-1\/#primaryimage"},"thumbnailUrl":"https:\/\/www.unheilige-schwaben.de\/wordpress_O\/wp-content\/uploads\/2024\/05\/IMG_20230818_121626-scaled.jpg","datePublished":"2024-05-14T10:09:08+00:00","dateModified":"2024-05-14T10:11:40+00:00","author":{"@id":"https:\/\/www.unheilige-schwaben.de\/wordpress_O\/#\/schema\/person\/aa7beee15049ab8fc0f43d28887ec1c2"},"breadcrumb":{"@id":"https:\/\/www.unheilige-schwaben.de\/wordpress_O\/index.php\/2024\/05\/14\/baden-baden-teil-1\/#breadcrumb"},"inLanguage":"de","potentialAction":[{"@type":"ReadAction","target":["https:\/\/www.unheilige-schwaben.de\/wordpress_O\/index.php\/2024\/05\/14\/baden-baden-teil-1\/"]}]},{"@type":"ImageObject","inLanguage":"de","@id":"https:\/\/www.unheilige-schwaben.de\/wordpress_O\/index.php\/2024\/05\/14\/baden-baden-teil-1\/#primaryimage","url":"https:\/\/www.unheilige-schwaben.de\/wordpress_O\/wp-content\/uploads\/2024\/05\/IMG_20230818_121626-scaled.jpg","contentUrl":"https:\/\/www.unheilige-schwaben.de\/wordpress_O\/wp-content\/uploads\/2024\/05\/IMG_20230818_121626-scaled.jpg","width":2560,"height":1181},{"@type":"BreadcrumbList","@id":"https:\/\/www.unheilige-schwaben.de\/wordpress_O\/index.php\/2024\/05\/14\/baden-baden-teil-1\/#breadcrumb","itemListElement":[{"@type":"ListItem","position":1,"name":"Startseite","item":"https:\/\/www.unheilige-schwaben.de\/wordpress_O\/"},{"@type":"ListItem","position":2,"name":"Baden-Baden Teil 1"}]},{"@type":"WebSite","@id":"https:\/\/www.unheilige-schwaben.de\/wordpress_O\/#website","url":"https:\/\/www.unheilige-schwaben.de\/wordpress_O\/","name":"Wandern und kochen mit Oli","description":"","potentialAction":[{"@type":"SearchAction","target":{"@type":"EntryPoint","urlTemplate":"https:\/\/www.unheilige-schwaben.de\/wordpress_O\/?s={search_term_string}"},"query-input":{"@type":"PropertyValueSpecification","valueRequired":true,"valueName":"search_term_string"}}],"inLanguage":"de"},{"@type":"Person","@id":"https:\/\/www.unheilige-schwaben.de\/wordpress_O\/#\/schema\/person\/aa7beee15049ab8fc0f43d28887ec1c2","name":"admin","image":{"@type":"ImageObject","inLanguage":"de","@id":"https:\/\/secure.gravatar.com\/avatar\/524e3f7120d4b3cf0ea9fe9dafc142682846c47f0c05c4655270177a517aabe2?s=96&d=mm&r=g","url":"https:\/\/secure.gravatar.com\/avatar\/524e3f7120d4b3cf0ea9fe9dafc142682846c47f0c05c4655270177a517aabe2?s=96&d=mm&r=g","contentUrl":"https:\/\/secure.gravatar.com\/avatar\/524e3f7120d4b3cf0ea9fe9dafc142682846c47f0c05c4655270177a517aabe2?s=96&d=mm&r=g","caption":"admin"},"sameAs":["https:\/\/www.unheilige-schwaben.de\/wordpress_O"],"url":"https:\/\/www.unheilige-schwaben.de\/wordpress_O\/index.php\/author\/briamstuttgart_f7oi4h9n\/"}]}},"jetpack_featured_media_url":"https:\/\/www.unheilige-schwaben.de\/wordpress_O\/wp-content\/uploads\/2024\/05\/IMG_20230818_121626-scaled.jpg","_links":{"self":[{"href":"https:\/\/www.unheilige-schwaben.de\/wordpress_O\/index.php\/wp-json\/wp\/v2\/posts\/134","targetHints":{"allow":["GET"]}}],"collection":[{"href":"https:\/\/www.unheilige-schwaben.de\/wordpress_O\/index.php\/wp-json\/wp\/v2\/posts"}],"about":[{"href":"https:\/\/www.unheilige-schwaben.de\/wordpress_O\/index.php\/wp-json\/wp\/v2\/types\/post"}],"author":[{"embeddable":true,"href":"https:\/\/www.unheilige-schwaben.de\/wordpress_O\/index.php\/wp-json\/wp\/v2\/users\/1"}],"replies":[{"embeddable":true,"href":"https:\/\/www.unheilige-schwaben.de\/wordpress_O\/index.php\/wp-json\/wp\/v2\/comments?post=134"}],"version-history":[{"count":8,"href":"https:\/\/www.unheilige-schwaben.de\/wordpress_O\/index.php\/wp-json\/wp\/v2\/posts\/134\/revisions"}],"predecessor-version":[{"id":155,"href":"https:\/\/www.unheilige-schwaben.de\/wordpress_O\/index.php\/wp-json\/wp\/v2\/posts\/134\/revisions\/155"}],"wp:featuredmedia":[{"embeddable":true,"href":"https:\/\/www.unheilige-schwaben.de\/wordpress_O\/index.php\/wp-json\/wp\/v2\/media\/154"}],"wp:attachment":[{"href":"https:\/\/www.unheilige-schwaben.de\/wordpress_O\/index.php\/wp-json\/wp\/v2\/media?parent=134"}],"wp:term":[{"taxonomy":"category","embeddable":true,"href":"https:\/\/www.unheilige-schwaben.de\/wordpress_O\/index.php\/wp-json\/wp\/v2\/categories?post=134"},{"taxonomy":"post_tag","embeddable":true,"href":"https:\/\/www.unheilige-schwaben.de\/wordpress_O\/index.php\/wp-json\/wp\/v2\/tags?post=134"}],"curies":[{"name":"wp","href":"https:\/\/api.w.org\/{rel}","templated":true}]}}